{"id":6,"date":"2026-02-17T18:08:34","date_gmt":"2026-02-17T18:08:34","guid":{"rendered":"https:\/\/sustancias.pt\/?p=6"},"modified":"2026-02-17T19:33:42","modified_gmt":"2026-02-17T19:33:42","slug":"sustancias-da-fonte-velha","status":"publish","type":"post","link":"https:\/\/sustancias.pt\/index.php\/2026\/02\/17\/sustancias-da-fonte-velha\/","title":{"rendered":"Sust\u00e2ncias da Fonte Velha"},"content":{"rendered":"\n<p><\/p>\n\n\n\n<p><\/p>\n\n\n\n<figure class=\"wp-block-image\"><img loading=\"lazy\" decoding=\"async\" width=\"653\" height=\"490\" src=\"https:\/\/sustancias.pt\/wp-content\/uploads\/2026\/02\/FonteVelha_01.jpg\" alt=\"Traseiras da casa dos av\u00f3s na Trav. da Fonte Velha\" class=\"wp-image-8\" srcset=\"https:\/\/sustancias.pt\/wp-content\/uploads\/2026\/02\/FonteVelha_01.jpg 653w, https:\/\/sustancias.pt\/wp-content\/uploads\/2026\/02\/FonteVelha_01-300x225.jpg 300w\" sizes=\"auto, (max-width: 653px) 100vw, 653px\" \/><\/figure>\n\n\n\n<p>Este \u00e9 um primeiro rascunho sobre a fam\u00edlia Sust\u00e2ncia, um apelido informal que resulta de um epis\u00f3dio no s\u00e9c. XIX que aqui contaremos.<\/p>\n\n\n\n<p>Os Sust\u00e2ncias da Fonte Velha s\u00e3o os descendentes do Jo\u00e3o da Silva e Sousa e da Maria da Concei\u00e7\u00e3o Vaz que viveram na Travessa da Fonte Velha, em Our\u00e9m.<\/p>\n\n\n\n<p>Fotografia das traseiras da casa na Travessa da Fonte Velha, Our\u00e9m, Portugal<\/p>\n\n\n\n<p><\/p>\n","protected":false},"excerpt":{"rendered":"<p>Este \u00e9 um primeiro rascunho sobre a fam\u00edlia Sust\u00e2ncia, um apelido informal que resulta de um epis\u00f3dio no s\u00e9c. XIX que aqui contaremos. Os Sust\u00e2ncias da Fonte Velha s\u00e3o os descendentes do Jo\u00e3o da Silva e Sousa e da Maria da Concei\u00e7\u00e3o Vaz que viveram na Travessa da Fonte Velha, em Our\u00e9m. Fotografia das traseiras [&hellip;]<\/p>\n","protected":false},"author":1,"featured_media":0,"comment_status":"open","ping_status":"open","sticky":false,"template":"","format":"standard","meta":{"footnotes":""},"categories":[1],"tags":[],"class_list":["post-6","post","type-post","status-publish","format-standard","hentry","category-uncategorized"],"_links":{"self":[{"href":"https:\/\/sustancias.pt\/index.php\/wp-json\/wp\/v2\/posts\/6","targetHints":{"allow":["GET"]}}],"collection":[{"href":"https:\/\/sustancias.pt\/index.php\/wp-json\/wp\/v2\/posts"}],"about":[{"href":"https:\/\/sustancias.pt\/index.php\/wp-json\/wp\/v2\/types\/post"}],"author":[{"embeddable":true,"href":"https:\/\/sustancias.pt\/index.php\/wp-json\/wp\/v2\/users\/1"}],"replies":[{"embeddable":true,"href":"https:\/\/sustancias.pt\/index.php\/wp-json\/wp\/v2\/comments?post=6"}],"version-history":[{"count":5,"href":"https:\/\/sustancias.pt\/index.php\/wp-json\/wp\/v2\/posts\/6\/revisions"}],"predecessor-version":[{"id":30,"href":"https:\/\/sustancias.pt\/index.php\/wp-json\/wp\/v2\/posts\/6\/revisions\/30"}],"wp:attachment":[{"href":"https:\/\/sustancias.pt\/index.php\/wp-json\/wp\/v2\/media?parent=6"}],"wp:term":[{"taxonomy":"category","embeddable":true,"href":"https:\/\/sustancias.pt\/index.php\/wp-json\/wp\/v2\/categories?post=6"},{"taxonomy":"post_tag","embeddable":true,"href":"https:\/\/sustancias.pt\/index.php\/wp-json\/wp\/v2\/tags?post=6"}],"curies":[{"name":"wp","href":"https:\/\/api.w.org\/{rel}","templated":true}]}}